{"id":24,"date":"2020-01-22T13:34:20","date_gmt":"2020-01-22T16:34:20","guid":{"rendered":"http:\/\/127.0.0.1\/ISSA\/?p=24"},"modified":"2025-12-12T04:58:08","modified_gmt":"2025-12-12T07:58:08","slug":"profesorado-administracion","status":"publish","type":"post","link":"https:\/\/www.issa.edu.ar\/issawp\/carreras-grado\/profesorado-administracion\/","title":{"rendered":"Ciencias de la Administraci\u00f3n"},"content":{"rendered":"<div class=\"responsive-tabs\">\n<h2 class=\"tabtitle\">Presentaci\u00f3n<\/h2>\n<div class=\"tabcontent\">\n\n<p class=\"ds-markdown-paragraph\"><strong><span>1. Fundamentaci\u00f3n<\/span><\/strong><span><\/span><br \/><span>El abordaje del conocimiento sobre el funcionamiento, organizaci\u00f3n y control de las organizaciones -tanto p\u00fablicas como privadas- constituye un conjunto de disciplinas cient\u00edficas que se desarrollan en el Ciclo Superior de la Educaci\u00f3n Secundaria. Hist\u00f3ricamente, estos contenidos han sido impartidos por profesionales sin formaci\u00f3n pedag\u00f3gica espec\u00edfica. Este profesorado se fundamenta en la crucial distinci\u00f3n entre el perfil de un licenciado o t\u00e9cnico y el de un docente, formando profesionales capacitados para seleccionar abordajes de las Ciencias de la Administraci\u00f3n y desarrollar estrategias did\u00e1cticas que permitan a los estudiantes comprender los procesos organizacionales y su aporte a la sociedad.<\/span><\/p>\n<p class=\"ds-markdown-paragraph\"><strong><span>2. Campo Laboral<\/span><\/strong><span><\/span><br \/><span>El egresado puede desarrollar sus funciones en:<\/span><\/p>\n<ul>\n<li>\n<p class=\"ds-markdown-paragraph\"><span>La ense\u00f1anza de las Ciencias de la Administraci\u00f3n y materias afines en el nivel Secundario T\u00e9cnico y Orientado.<\/span><\/p>\n<\/li>\n<li>\n<p class=\"ds-markdown-paragraph\"><span>La capacitaci\u00f3n de adultos en \u00e1reas de gesti\u00f3n, organizaci\u00f3n y emprendedorismo en el \u00e1mbito no formal.<\/span><\/p>\n<\/li>\n<li>\n<p class=\"ds-markdown-paragraph\"><span>El dise\u00f1o de materiales y proyectos educativos vinculados a la educaci\u00f3n econ\u00f3mica y financiera.<\/span><\/p>\n<\/li>\n<\/ul>\n<p class=\"ds-markdown-paragraph\"><strong><span>3. \u00bfPor qu\u00e9 estudiar Profesorado de Educaci\u00f3n Secundaria en Ciencias de la Administraci\u00f3n?<\/span><\/strong><span><\/span><br \/><span>Para formar a los j\u00f3venes en las competencias necesarias para comprender e interactuar cr\u00edticamente con el mundo organizacional contempor\u00e1neo. Es una carrera con alta demanda laboral, que permite combinar el conocimiento administrativo con la vocaci\u00f3n docente, preparando a los estudiantes para la vida econ\u00f3mica y productiva.<\/span><\/p>\n<div class=\"row feature-type text-center\">\n<div class=\"col-md-3 col-3 p-0 feature-col\">\n<p><span>4<\/span>A\u00f1os<\/p>\n<\/div>\n<div class=\"col-md-3 col-3 p-0 feature-col\">\n<p><span>9<\/span>Puntos<\/p>\n<\/div>\n<div class=\"col-md-6 col-6 p-0\">\n<p><span>Cursada Semipresencial<\/span>1 Encuentro c\/15 d\u00edas<\/p>\n<\/div>\n<\/div>\n<p><strong><br \/>Convenios para ciclos de Licenciatura<\/strong><\/p>\n<table class=\"table-bordered-mapas1\">\n<tbody>\n<tr>\n<td width=\"189\" valign=\"top\">Universidad<\/td>\n<td width=\"189\" valign=\"top\">Carrera<\/td>\n<td width=\"189\" valign=\"top\">Destinatarios<\/td>\n<\/tr>\n<tr>\n<td width=\"189\" valign=\"top\">\n<p>Universidad del Gran Rosario<\/p>\n<\/td>\n<td width=\"189\" valign=\"top\"><strong>Licenciatura en Gesti\u00f3n Educativa<\/strong><br \/>Ciclo de Complementaci\u00f3n Curricular (CCC)<strong><\/strong><br \/>A\u00f1o y medio<\/td>\n<td width=\"189\" valign=\"top\">Profesores de Nivel Inicial, Ense\u00f1anza Primaria y Educaci\u00f3n Secundaria.<\/td>\n<\/tr>\n<tr>\n<td width=\"189\" valign=\"top\">Universidad Salesiana<\/td>\n<td width=\"189\" valign=\"top\"><strong>Licenciatura en Educaci\u00f3n<\/strong><br \/>Ciclo de Complementaci\u00f3n Curricular (CCC)<br \/>Tres cuatrimestres<strong><\/strong><\/td>\n<td width=\"189\" valign=\"top\">Profesores de Nivel Inicial, Ense\u00f1anza Primaria y Educaci\u00f3n Secundaria.<\/td>\n<\/tr>\n<tr>\n<td width=\"189\" rowspan=\"2\" valign=\"top\">Instituto Nacional Superior del Profesorado T\u00e9cnico (INSPT) de la Universidad Tecnol\u00f3gica Nacional (UTN)<\/td>\n<td width=\"189\" valign=\"top\"><strong>Profesorado en Docencia Superior<\/strong><br \/>Ciclo de Complementaci\u00f3n<strong><\/strong><\/td>\n<td width=\"189\" valign=\"top\">Egresados de instituciones de Nivel Superior (universitario o no)<\/td>\n<\/tr>\n<tr>\n<td width=\"378\" colspan=\"2\" valign=\"top\">Modalidad Presencial y Distancia<\/td>\n<\/tr>\n<\/tbody>\n<\/table>\n<p>Importantes beneficios para egresados del ISSA<\/p>\n<p>Para m\u00e1s informaci\u00f3n contactarse con secretar\u00eda administrativa.<\/p>\n\n<\/div><h2 class=\"tabtitle\"> Titulaci\u00f3n<\/h2>\n<div class=\"tabcontent\">\n\n<div class=\"course-metas mt-4\">\n<div class=\"col-lg-12 col-md-12 col-sm-12 specifications-info\">\n<ul class=\"row pt-3\">\n<li class=\"col-lg-12 col-md-12 col-sm-12 pl-0\">\n<div class=\"course-text\">T\u00edtulo <strong>Profesor\/a de Educaci\u00f3n Secundaria en Ciencias de la Administraci\u00f3n<\/strong><\/div>\n<\/li>\n<li class=\"col-lg-12 col-md-12 col-sm-12  pl-0\">\n<div class=\"course-text\">T\u00edtulo con validez nacional&gt;<strong>9 puntos<\/strong><\/div>\n<\/li>\n<li class=\"col-lg-12 col-md-12 col-sm-12 pl-0\">\n<div class=\"course-text\">Coordinador<strong>Cra. Mar\u00eda Victoria Correa<\/strong><\/div>\n<\/li>\n<li class=\"col-lg-12 col-md-12 col-sm-12  pl-0\">\n<div class=\"course-text\">Durci\u00f3n<strong>4 a\u00f1os<\/strong><\/div>\n<\/li>\n<li class=\"col-lg-12 col-md-12 col-sm-12 pl-0\">\n<div class=\"course-text\">Cusada Semipresencial<strong>1 Encuentro c\/15 d\u00edas<\/strong><\/div>\n<\/li>\n<li class=\"col-lg-12 col-md-12 col-sm-12  pl-0\">\n<div class=\"course-text\">Perfil del postulante<strong>Alumnos que hayan finalizado los estudios secundarios.<\/strong><\/div>\n<\/li>\n<li class=\"col-lg-12 col-md-12 col-sm-12\">\n<div class=\"course-text\">Resoluci\u00f3n<a href=\"\/issawp\/wp-content\/uploads\/resoluciones\/Administracion.pdf\" target=\"_blank\" rel=\"noopener noreferrer\"><strong>Aprobaci\u00f3n Plena Res. N\u00ba 3907\/15 CPE R\u00edo Negro<\/strong><\/a><\/div>\n<\/li>\n<\/ul>\n<\/div>\n<\/div>\n\n<\/div><h2 class=\"tabtitle\">Mapa Curricular<\/h2>\n<div class=\"tabcontent\">\n\n<ul>\n<li class=\"menu-item menu-item-type-custom menu-item-object-custom menu-item-826\"><a href=\"https:\/\/www.issa.edu.ar\/issawp\/wp-content\/uploads\/2025\/11\/Diseno-Curricular-Administracion-1.pdf\" target=\"_blank\" rel=\"noopener\">Descargar Dise\u00f1o curricular Profesorado en Ciencias de la Administraci\u00f3n 2015<\/a><\/li>\n<li class=\"menu-item menu-item-type-custom menu-item-object-custom menu-item-826\"><a href=\"https:\/\/www.issa.edu.ar\/issawp\/wp-content\/uploads\/2025\/11\/A-037-CIENCIAS-DE-LA-ADMINISTRACION.pdf\" target=\"_blank\" rel=\"noopener\">Descargar Resoluci\u00f3n Res. Res. N\u00b0 3907\/15<\/a><\/li>\n<\/ul>\n<table class=\"table table-bordered-mapas1\">\n<tbody>\n<tr>\n<td>A\u00f1os<\/td>\n<td>Espacios<\/td>\n<td>Asignaturas<\/td>\n<\/tr>\n<tr>\n<td class=\"a1\" rowspan=\"3\">Primer a\u00f1o<\/td>\n<td>1. Campo de Formaci\u00f3n general<\/td>\n<td>Alfabetizaci\u00f3n acad\u00e9mica<br \/>Antropolog\u00eda<br \/>Filosof\u00eda<br \/>Pedagog\u00eda<\/td>\n<\/tr>\n<tr>\n<td>2. Campo de Formaci\u00f3n espec\u00edfica<\/td>\n<td>Introducci\u00f3n a la Administraci\u00f3n<br \/>Contabilidad I<br \/>Historia Econ\u00f3mica Mundial<br \/>Introducci\u00f3n a la Econom\u00eda<br \/>Matem\u00e1tica I<br \/>Derecho Civil<\/td>\n<\/tr>\n<tr>\n<td>3. Campo de pr\u00e1ctica profesional<\/td>\n<td>Taller de la Practica Docente I<\/td>\n<\/tr>\n<tr>\n<td class=\"a2\" rowspan=\"3\">Segundo a\u00f1o<\/td>\n<td>1. Campo de Formaci\u00f3n general<\/td>\n<td>Did\u00e1ctica general<br \/>Psicolog\u00eda educacional<br \/>Sociolog\u00eda de la Educaci\u00f3n<\/td>\n<\/tr>\n<tr>\n<td>2. Campo de Formaci\u00f3n espec\u00edfica<\/td>\n<td>Administraci\u00f3n I<br \/>Contabilidad II<br \/>Sujeto de la Educaci\u00f3n Secundaria<br \/>Derecho P\u00fablico<br \/>Matem\u00e1tica II<br \/>Macroeconom\u00eda<\/td>\n<\/tr>\n<tr>\n<td>3. Campo de pr\u00e1ctica profesional<\/td>\n<td>Taller de la Practica Docente II<\/td>\n<\/tr>\n<tr>\n<td class=\"a3\" rowspan=\"3\">Tercer a\u00f1o<\/td>\n<td>1. Campo de Formaci\u00f3n general<\/td>\n<td>Educaci\u00f3n y TICs<br \/>Historia de la Educaci\u00f3n Argentina<br \/>Pol\u00edtica educativa y Legislaci\u00f3n<\/td>\n<\/tr>\n<tr>\n<td>2. Campo de Formaci\u00f3n espec\u00edfica<\/td>\n<td>Derecho Comercial<br \/>Finanzas P\u00fablicas<br \/>Administraci\u00f3n II<br \/>Costos<br \/>Microeconom\u00eda<br \/>Estad\u00edstica<br \/>Did\u00e1ctica de la Educaci\u00f3n Secundaria<\/td>\n<\/tr>\n<tr>\n<td>3. Campo de pr\u00e1ctica profesional<\/td>\n<td>Taller de la Practica Docente III<\/td>\n<\/tr>\n<tr>\n<td class=\"a4\" rowspan=\"3\">Cuarto a\u00f1o<\/td>\n<td>1. Campo de Formaci\u00f3n general<\/td>\n<td>Educaci\u00f3n Sexual Integral Argentina<\/td>\n<\/tr>\n<tr>\n<td>2. Campo de Formaci\u00f3n espec\u00edfica<\/td>\n<td>Comercializaci\u00f3n<br \/>Historia Econ\u00f3mica Argentina<br \/>Matem\u00e1tica Financiera<br \/>Teor\u00eda y T\u00e9cnica Tributaria<br \/>Problem\u00e1ticas Socioeducativas en la Educaci\u00f3n Secundaria<\/td>\n<\/tr>\n<tr>\n<td>3. Campo de pr\u00e1ctica profesional<\/td>\n<td>Practica Docente IV y Residencia<\/td>\n<\/tr>\n<\/tbody>\n<\/table>\n<table class=\"table table-bordered-mapas1\">\n<tbody>\n<tr>\n<td colspan=\"2\" width=\"451\">CORRELATIVIDADES<\/td>\n<td width=\"142\"><\/td>\n<td width=\"246\"><\/td>\n<\/tr>\n<tr>\n<td width=\"136\">\n<div>\n<div>\n<div>\n<div><\/div>\n<\/div>\n<div><\/div>\n<\/div>\n<p>Unidad Curricular<\/p>\n<\/div>\n<\/td>\n<td width=\"315\">Para cursar: tener cursada<\/td>\n<td width=\"142\">Para cursar: tener acreditada<\/td>\n<td width=\"246\">Para acreditar: tener acreditada<\/td>\n<\/tr>\n<tr>\n<td width=\"136\">Did\u00e1ctica General<\/td>\n<td width=\"315\">Pedagog\u00eda<\/td>\n<td width=\"142\">Pedagog\u00eda<\/td>\n<td width=\"246\">Pedagog\u00eda<\/td>\n<\/tr>\n<tr>\n<td width=\"136\">Psicolog\u00eda Educacional<\/td>\n<td width=\"315\">Pedagog\u00eda<\/td>\n<td width=\"142\">Pedagog\u00eda<\/td>\n<td width=\"246\">Pedagog\u00eda<\/td>\n<\/tr>\n<tr>\n<td width=\"136\">Sociolog\u00eda de la Educaci\u00f3n<\/td>\n<td width=\"315\">Pedagog\u00eda<\/td>\n<td width=\"142\">Pedagog\u00eda<\/td>\n<td width=\"246\">Pedagog\u00eda<\/td>\n<\/tr>\n<tr>\n<td width=\"136\">Administraci\u00f3n I<\/td>\n<td width=\"315\">Introducci\u00f3n a la Administraci\u00f3n<\/td>\n<td width=\"142\">Introducci\u00f3n a la Administraci\u00f3n<\/td>\n<td width=\"246\">Introducci\u00f3n a la Administraci\u00f3n<\/td>\n<\/tr>\n<tr>\n<td width=\"136\">Contabilidad II<\/td>\n<td width=\"315\">Contabilidad I<\/td>\n<td width=\"142\">Contabilidad I<\/td>\n<td width=\"246\">Contabilidad I<\/td>\n<\/tr>\n<tr>\n<td width=\"136\">Sujetos de la Educaci\u00f3n Secundaria<\/td>\n<td width=\"315\">Pedagog\u00eda \/ Psicolog\u00eda Educacional<\/td>\n<td width=\"142\">Pedagog\u00eda \/ Psicolog\u00eda Educacional<\/td>\n<td width=\"246\">Pedagog\u00eda \/ Psicolog\u00eda Educacional<\/td>\n<\/tr>\n<tr>\n<td width=\"136\">Derecho P\u00fablico<\/td>\n<td width=\"315\">\u2013<\/td>\n<td width=\"142\">\u2013<\/td>\n<td width=\"246\">\u2013<\/td>\n<\/tr>\n<tr>\n<td width=\"136\">Matem\u00e1tica II<\/td>\n<td width=\"315\">Matem\u00e1tica I<\/td>\n<td width=\"142\">Matem\u00e1tica I<\/td>\n<td width=\"246\">Matem\u00e1tica I<\/td>\n<\/tr>\n<tr>\n<td width=\"136\">Macroeconom\u00eda<\/td>\n<td width=\"315\">Introducci\u00f3n a la Econom\u00eda \/ Historia Econ\u00f3mica Mundial<\/td>\n<td width=\"142\">Introducci\u00f3n a la Econom\u00eda \/ Historia Econ\u00f3mica Mundial<\/td>\n<td width=\"246\">Introducci\u00f3n a la Econom\u00eda \/ Historia Econ\u00f3mica Mundial<\/td>\n<\/tr>\n<\/tbody>\n<\/table>\n\n<\/div><h2 class=\"tabtitle\">Metodolog\u00eda de cursada<\/h2>\n<div class=\"tabcontent\">\n\n<ul class=\"the-icons\"><\/ul>\n\n\n<p> El ISSA implementa la estrategia eficaz e innovadora  de ense\u00f1anza H\u00cdBRIDA INTENSIVA de cursado intensivo con modalidad presencial y virtual.<\/br>\nEn la metodolog\u00eda de cursado intensivo cada materia se cursa en 4 encuentros (cuatrimestral) 8 (anual), presenciales y virtuales alternados. Cada encuentro se realiza cada 15 d\u00edas viernes 18 a 22hs. y  s\u00e1bados de 9 a 13hs. y de 14 a 22hs.<\/br>\nEn este enfoque, la retroalimentaci\u00f3n desempe\u00f1a un papel fundamental en la formaci\u00f3n tanto presencial como en l\u00ednea. El tiempo que transcurre interencuentros, reciben atenci\u00f3n on-line, para explicaciones, evaluaciones de trabajos pr\u00e1cticos, entre otras actividades. \n <\/p>\n\n\n\n<\/div><\/div>\n\n\n\n<div class=\"divbutton\"><a class=\"btn btn-primary\" href=\"#ppsShowPopUp_101\" role=\"button\">Contactar<\/a><\/div>\n","protected":false},"excerpt":{"rendered":"<p>Definir el alcance de la Administraci\u00f3n, es esclarecer su objeto de estudio y los m\u00e9todos para su conocimiento y comprensi\u00f3n. Se comprende por Administraci\u00f3n el proceso de planificar, organizar, dirigir y controlar las actividades de los miembros de una organizaci\u00f3n y el empleo de todos los dem\u00e1s recursos organizacionales, con el prop\u00f3sito de alcanzar las metas establecidas para la organizaci\u00f3n.<\/p>\n","protected":false},"author":1,"featured_media":0,"comment_status":"closed","ping_status":"closed","sticky":false,"template":"","format":"standard","meta":{"_monsterinsights_skip_tracking":false,"_monsterinsights_sitenote_active":false,"_monsterinsights_sitenote_note":"","_monsterinsights_sitenote_category":0,"_joinchat":[],"footnotes":""},"categories":[29,30],"tags":[],"yoast_head":"<!-- This site is optimized with the Yoast SEO plugin v23.8 - https:\/\/yoast.com\/wordpress\/plugins\/seo\/ -->\n<title>ISSA | Instituto Superior San Agust\u00edn | Ciencias de la Administraci\u00f3n<\/title>\n<meta name=\"robots\" content=\"index, follow, max-snippet:-1, max-image-preview:large, max-video-preview:-1\" \/>\n<link rel=\"canonical\" href=\"https:\/\/www.issa.edu.ar\/issawp\/carreras-grado\/profesorado-administracion\/\" \/>\n<meta property=\"og:locale\" content=\"es_ES\" \/>\n<meta property=\"og:type\" content=\"article\" \/>\n<meta property=\"og:title\" content=\"ISSA | Instituto Superior San Agust\u00edn | Ciencias de la Administraci\u00f3n\" \/>\n<meta property=\"og:description\" content=\"Definir el alcance de la Administraci\u00f3n, es esclarecer su objeto de estudio y los m\u00e9todos para su conocimiento y comprensi\u00f3n. Se comprende por Administraci\u00f3n el proceso de planificar, organizar, dirigir y controlar las actividades de los miembros de una organizaci\u00f3n y el empleo de todos los dem\u00e1s recursos organizacionales, con el prop\u00f3sito de alcanzar las metas establecidas para la organizaci\u00f3n.\" \/>\n<meta property=\"og:url\" content=\"https:\/\/www.issa.edu.ar\/issawp\/carreras-grado\/profesorado-administracion\/\" \/>\n<meta property=\"og:site_name\" content=\"ISSA | Instituto Superior San Agust\u00edn\" \/>\n<meta property=\"article:publisher\" content=\"https:\/\/www.facebook.com\/faceissa\/\" \/>\n<meta property=\"article:published_time\" content=\"2020-01-22T16:34:20+00:00\" \/>\n<meta property=\"article:modified_time\" content=\"2025-12-12T07:58:08+00:00\" \/>\n<meta name=\"author\" content=\"issadmin\" \/>\n<meta name=\"twitter:card\" content=\"summary_large_image\" \/>\n<meta name=\"twitter:label1\" content=\"Escrito por\" \/>\n\t<meta name=\"twitter:data1\" content=\"issadmin\" \/>\n\t<meta name=\"twitter:label2\" content=\"Tiempo de lectura\" \/>\n\t<meta name=\"twitter:data2\" content=\"4 minutos\" \/>\n<script type=\"application\/ld+json\" class=\"yoast-schema-graph\">{\"@context\":\"https:\/\/schema.org\",\"@graph\":[{\"@type\":\"Article\",\"@id\":\"https:\/\/www.issa.edu.ar\/issawp\/carreras-grado\/profesorado-administracion\/#article\",\"isPartOf\":{\"@id\":\"https:\/\/www.issa.edu.ar\/issawp\/carreras-grado\/profesorado-administracion\/\"},\"author\":{\"name\":\"issadmin\",\"@id\":\"https:\/\/www.issa.edu.ar\/issawp\/#\/schema\/person\/d3aca9c1e7a3ddcfeed759ae71539ad8\"},\"headline\":\"Ciencias de la Administraci\u00f3n\",\"datePublished\":\"2020-01-22T16:34:20+00:00\",\"dateModified\":\"2025-12-12T07:58:08+00:00\",\"mainEntityOfPage\":{\"@id\":\"https:\/\/www.issa.edu.ar\/issawp\/carreras-grado\/profesorado-administracion\/\"},\"wordCount\":810,\"publisher\":{\"@id\":\"https:\/\/www.issa.edu.ar\/issawp\/#organization\"},\"articleSection\":[\"Carreras de grado\",\"Profesorado\"],\"inLanguage\":\"es-AR\"},{\"@type\":\"WebPage\",\"@id\":\"https:\/\/www.issa.edu.ar\/issawp\/carreras-grado\/profesorado-administracion\/\",\"url\":\"https:\/\/www.issa.edu.ar\/issawp\/carreras-grado\/profesorado-administracion\/\",\"name\":\"ISSA | Instituto Superior San Agust\u00edn | Ciencias de la Administraci\u00f3n\",\"isPartOf\":{\"@id\":\"https:\/\/www.issa.edu.ar\/issawp\/#website\"},\"datePublished\":\"2020-01-22T16:34:20+00:00\",\"dateModified\":\"2025-12-12T07:58:08+00:00\",\"breadcrumb\":{\"@id\":\"https:\/\/www.issa.edu.ar\/issawp\/carreras-grado\/profesorado-administracion\/#breadcrumb\"},\"inLanguage\":\"es-AR\",\"potentialAction\":[{\"@type\":\"ReadAction\",\"target\":[\"https:\/\/www.issa.edu.ar\/issawp\/carreras-grado\/profesorado-administracion\/\"]}]},{\"@type\":\"BreadcrumbList\",\"@id\":\"https:\/\/www.issa.edu.ar\/issawp\/carreras-grado\/profesorado-administracion\/#breadcrumb\",\"itemListElement\":[{\"@type\":\"ListItem\",\"position\":1,\"name\":\"ISSA\",\"item\":\"https:\/\/www.issa.edu.ar\/issawp\/\"},{\"@type\":\"ListItem\",\"position\":2,\"name\":\"Carreras de grado\",\"item\":\"https:\/\/www.issa.edu.ar\/issawp\/carreras-grado\/\"},{\"@type\":\"ListItem\",\"position\":3,\"name\":\"Profesorado\",\"item\":\"https:\/\/www.issa.edu.ar\/issawp\/carreras-grado\/profesorado\/\"},{\"@type\":\"ListItem\",\"position\":4,\"name\":\"Ciencias de la Administraci\u00f3n\"}]},{\"@type\":\"WebSite\",\"@id\":\"https:\/\/www.issa.edu.ar\/issawp\/#website\",\"url\":\"https:\/\/www.issa.edu.ar\/issawp\/\",\"name\":\"ISSA | Instituto Superior San Agust\u00edn\",\"description\":\"25 a\u00f1os en la formaci\u00f3n de docente de Educaci\u00f3n Secundaria. Innovadora metodolog\u00eda semiprescial intensivo, con clases presenciales y virtuales.\",\"publisher\":{\"@id\":\"https:\/\/www.issa.edu.ar\/issawp\/#organization\"},\"potentialAction\":[{\"@type\":\"SearchAction\",\"target\":{\"@type\":\"EntryPoint\",\"urlTemplate\":\"https:\/\/www.issa.edu.ar\/issawp\/?s={search_term_string}\"},\"query-input\":{\"@type\":\"PropertyValueSpecification\",\"valueRequired\":true,\"valueName\":\"search_term_string\"}}],\"inLanguage\":\"es-AR\"},{\"@type\":\"Organization\",\"@id\":\"https:\/\/www.issa.edu.ar\/issawp\/#organization\",\"name\":\"ISSA | Instituto Superior San Agust\u00edn\",\"url\":\"https:\/\/www.issa.edu.ar\/issawp\/\",\"logo\":{\"@type\":\"ImageObject\",\"inLanguage\":\"es-AR\",\"@id\":\"https:\/\/www.issa.edu.ar\/issawp\/#\/schema\/logo\/image\/\",\"url\":\"https:\/\/www.issa.edu.ar\/issawp\/wp-content\/uploads\/2020\/01\/logo_sm.png\",\"contentUrl\":\"https:\/\/www.issa.edu.ar\/issawp\/wp-content\/uploads\/2020\/01\/logo_sm.png\",\"width\":301,\"height\":131,\"caption\":\"ISSA | Instituto Superior San Agust\u00edn\"},\"image\":{\"@id\":\"https:\/\/www.issa.edu.ar\/issawp\/#\/schema\/logo\/image\/\"},\"sameAs\":[\"https:\/\/www.facebook.com\/faceissa\/\",\"https:\/\/www.instagram.com\/issa_funsan\/\",\"http:\/\/www.youtube.com\/@issacampus8885\"]},{\"@type\":\"Person\",\"@id\":\"https:\/\/www.issa.edu.ar\/issawp\/#\/schema\/person\/d3aca9c1e7a3ddcfeed759ae71539ad8\",\"name\":\"issadmin\"}]}<\/script>\n<!-- \/ Yoast SEO plugin. -->","yoast_head_json":{"title":"ISSA | Instituto Superior San Agust\u00edn | Ciencias de la Administraci\u00f3n","robots":{"index":"index","follow":"follow","max-snippet":"max-snippet:-1","max-image-preview":"max-image-preview:large","max-video-preview":"max-video-preview:-1"},"canonical":"https:\/\/www.issa.edu.ar\/issawp\/carreras-grado\/profesorado-administracion\/","og_locale":"es_ES","og_type":"article","og_title":"ISSA | Instituto Superior San Agust\u00edn | Ciencias de la Administraci\u00f3n","og_description":"Definir el alcance de la Administraci\u00f3n, es esclarecer su objeto de estudio y los m\u00e9todos para su conocimiento y comprensi\u00f3n. Se comprende por Administraci\u00f3n el proceso de planificar, organizar, dirigir y controlar las actividades de los miembros de una organizaci\u00f3n y el empleo de todos los dem\u00e1s recursos organizacionales, con el prop\u00f3sito de alcanzar las metas establecidas para la organizaci\u00f3n.","og_url":"https:\/\/www.issa.edu.ar\/issawp\/carreras-grado\/profesorado-administracion\/","og_site_name":"ISSA | Instituto Superior San Agust\u00edn","article_publisher":"https:\/\/www.facebook.com\/faceissa\/","article_published_time":"2020-01-22T16:34:20+00:00","article_modified_time":"2025-12-12T07:58:08+00:00","author":"issadmin","twitter_card":"summary_large_image","twitter_misc":{"Escrito por":"issadmin","Tiempo de lectura":"4 minutos"},"schema":{"@context":"https:\/\/schema.org","@graph":[{"@type":"Article","@id":"https:\/\/www.issa.edu.ar\/issawp\/carreras-grado\/profesorado-administracion\/#article","isPartOf":{"@id":"https:\/\/www.issa.edu.ar\/issawp\/carreras-grado\/profesorado-administracion\/"},"author":{"name":"issadmin","@id":"https:\/\/www.issa.edu.ar\/issawp\/#\/schema\/person\/d3aca9c1e7a3ddcfeed759ae71539ad8"},"headline":"Ciencias de la Administraci\u00f3n","datePublished":"2020-01-22T16:34:20+00:00","dateModified":"2025-12-12T07:58:08+00:00","mainEntityOfPage":{"@id":"https:\/\/www.issa.edu.ar\/issawp\/carreras-grado\/profesorado-administracion\/"},"wordCount":810,"publisher":{"@id":"https:\/\/www.issa.edu.ar\/issawp\/#organization"},"articleSection":["Carreras de grado","Profesorado"],"inLanguage":"es-AR"},{"@type":"WebPage","@id":"https:\/\/www.issa.edu.ar\/issawp\/carreras-grado\/profesorado-administracion\/","url":"https:\/\/www.issa.edu.ar\/issawp\/carreras-grado\/profesorado-administracion\/","name":"ISSA | Instituto Superior San Agust\u00edn | Ciencias de la Administraci\u00f3n","isPartOf":{"@id":"https:\/\/www.issa.edu.ar\/issawp\/#website"},"datePublished":"2020-01-22T16:34:20+00:00","dateModified":"2025-12-12T07:58:08+00:00","breadcrumb":{"@id":"https:\/\/www.issa.edu.ar\/issawp\/carreras-grado\/profesorado-administracion\/#breadcrumb"},"inLanguage":"es-AR","potentialAction":[{"@type":"ReadAction","target":["https:\/\/www.issa.edu.ar\/issawp\/carreras-grado\/profesorado-administracion\/"]}]},{"@type":"BreadcrumbList","@id":"https:\/\/www.issa.edu.ar\/issawp\/carreras-grado\/profesorado-administracion\/#breadcrumb","itemListElement":[{"@type":"ListItem","position":1,"name":"ISSA","item":"https:\/\/www.issa.edu.ar\/issawp\/"},{"@type":"ListItem","position":2,"name":"Carreras de grado","item":"https:\/\/www.issa.edu.ar\/issawp\/carreras-grado\/"},{"@type":"ListItem","position":3,"name":"Profesorado","item":"https:\/\/www.issa.edu.ar\/issawp\/carreras-grado\/profesorado\/"},{"@type":"ListItem","position":4,"name":"Ciencias de la Administraci\u00f3n"}]},{"@type":"WebSite","@id":"https:\/\/www.issa.edu.ar\/issawp\/#website","url":"https:\/\/www.issa.edu.ar\/issawp\/","name":"ISSA | Instituto Superior San Agust\u00edn","description":"25 a\u00f1os en la formaci\u00f3n de docente de Educaci\u00f3n Secundaria. Innovadora metodolog\u00eda semiprescial intensivo, con clases presenciales y virtuales.","publisher":{"@id":"https:\/\/www.issa.edu.ar\/issawp\/#organization"},"potentialAction":[{"@type":"SearchAction","target":{"@type":"EntryPoint","urlTemplate":"https:\/\/www.issa.edu.ar\/issawp\/?s={search_term_string}"},"query-input":{"@type":"PropertyValueSpecification","valueRequired":true,"valueName":"search_term_string"}}],"inLanguage":"es-AR"},{"@type":"Organization","@id":"https:\/\/www.issa.edu.ar\/issawp\/#organization","name":"ISSA | Instituto Superior San Agust\u00edn","url":"https:\/\/www.issa.edu.ar\/issawp\/","logo":{"@type":"ImageObject","inLanguage":"es-AR","@id":"https:\/\/www.issa.edu.ar\/issawp\/#\/schema\/logo\/image\/","url":"https:\/\/www.issa.edu.ar\/issawp\/wp-content\/uploads\/2020\/01\/logo_sm.png","contentUrl":"https:\/\/www.issa.edu.ar\/issawp\/wp-content\/uploads\/2020\/01\/logo_sm.png","width":301,"height":131,"caption":"ISSA | Instituto Superior San Agust\u00edn"},"image":{"@id":"https:\/\/www.issa.edu.ar\/issawp\/#\/schema\/logo\/image\/"},"sameAs":["https:\/\/www.facebook.com\/faceissa\/","https:\/\/www.instagram.com\/issa_funsan\/","http:\/\/www.youtube.com\/@issacampus8885"]},{"@type":"Person","@id":"https:\/\/www.issa.edu.ar\/issawp\/#\/schema\/person\/d3aca9c1e7a3ddcfeed759ae71539ad8","name":"issadmin"}]}},"_links":{"self":[{"href":"https:\/\/www.issa.edu.ar\/issawp\/wp-json\/wp\/v2\/posts\/24"}],"collection":[{"href":"https:\/\/www.issa.edu.ar\/issawp\/wp-json\/wp\/v2\/posts"}],"about":[{"href":"https:\/\/www.issa.edu.ar\/issawp\/wp-json\/wp\/v2\/types\/post"}],"author":[{"embeddable":true,"href":"https:\/\/www.issa.edu.ar\/issawp\/wp-json\/wp\/v2\/users\/1"}],"replies":[{"embeddable":true,"href":"https:\/\/www.issa.edu.ar\/issawp\/wp-json\/wp\/v2\/comments?post=24"}],"version-history":[{"count":31,"href":"https:\/\/www.issa.edu.ar\/issawp\/wp-json\/wp\/v2\/posts\/24\/revisions"}],"predecessor-version":[{"id":1505,"href":"https:\/\/www.issa.edu.ar\/issawp\/wp-json\/wp\/v2\/posts\/24\/revisions\/1505"}],"wp:attachment":[{"href":"https:\/\/www.issa.edu.ar\/issawp\/wp-json\/wp\/v2\/media?parent=24"}],"wp:term":[{"taxonomy":"category","embeddable":true,"href":"https:\/\/www.issa.edu.ar\/issawp\/wp-json\/wp\/v2\/categories?post=24"},{"taxonomy":"post_tag","embeddable":true,"href":"https:\/\/www.issa.edu.ar\/issawp\/wp-json\/wp\/v2\/tags?post=24"}],"curies":[{"name":"wp","href":"https:\/\/api.w.org\/{rel}","templated":true}]}}