{"id":36,"date":"2020-01-22T14:12:06","date_gmt":"2020-01-22T17:12:06","guid":{"rendered":"http:\/\/127.0.0.1\/ISSA\/?p=36"},"modified":"2020-10-30T18:10:28","modified_gmt":"2020-10-30T21:10:28","slug":"profes-secundaria","status":"publish","type":"post","link":"https:\/\/www.issa.edu.ar\/issawp\/la_institucion\/profes-secundaria\/","title":{"rendered":"Profesorados en Educaci\u00f3n Secundaria"},"content":{"rendered":"En la provincia de R\u00edo Negro, egresan de las Escuelas de Ense\u00f1anza Media, j\u00f3venes con expectativas de cursar carrera terciaria o universitaria. Sin embargo, estas expectativas suelen frustrarse en muchos casos, como lo demuestra el alto \u00edndice de fracaso escolar en el nivel medio y en los primeros a\u00f1os de los estudios terciarios.\nSi bien no es prop\u00f3sito de esta presentaci\u00f3n analizar las causas de ese fracaso, es necesario se\u00f1alar que en muchos establecimientos de ense\u00f1anza secundaria, es muy alto el porcentaje de asignaturas que son dictadas por docentes con t\u00editulo habilitante y\/o Supletorio. Ello se\u00f1ala la carencia que existe en los sistemas educativos provinciales, de profesores con t\u00edtulo docente en cada \u00e1rea especifica del conocimiento.\nEn tiempos de cambios educativos como los actuales, en los que se pretende revisar el pasado inmediato, el proyecto de Formaci\u00f3n de Docentes para Educaci\u00f3n Media, intenta dar respuesta a las situaciones planteadas a partir de la planificaci\u00f2n de un proyecto de innovaci\u00f3n y cambio para la escuela media.\n<p class=\"arialn-10\">Duraci\u00f3n: 4 a\u00f1os<\/p>\n<p class=\"arialn-10\">Valor del T\u00edtulo de Profesor: 9 puntos<\/p>\n<span class=\"arialn-10\">Equivalencias<\/span>: Las asignaturas de los Planes de estudios tiene un amplio Plan de Equivalencias, con Asignaturas aprobadas en Instituciones de nivel superior Universitario y\/o no Universitarios.","protected":false},"excerpt":{"rendered":"<p>En el marco de la nueva estructura del sistema educativo, la Formaci\u00f3n Docente para el Ciclo Medio demanda propuestas did\u00e1cticas y curriculares innovadoras, que desde los objetivos y dise\u00f1os reflejen las nuevas instancias de ense\u00f1anza y aprendizaje que la escuela media necesita.<\/p>\n","protected":false},"author":1,"featured_media":0,"comment_status":"closed","ping_status":"closed","sticky":false,"template":"","format":"standard","meta":{"_monsterinsights_skip_tracking":false,"_monsterinsights_sitenote_active":false,"_monsterinsights_sitenote_note":"","_monsterinsights_sitenote_category":0,"_joinchat":[],"footnotes":""},"categories":[39,37],"tags":[],"yoast_head":"<!-- This site is optimized with the Yoast SEO plugin v23.8 - https:\/\/yoast.com\/wordpress\/plugins\/seo\/ -->\n<title>ISSA | Instituto Superior San Agust\u00edn | Profesorados en Educaci\u00f3n Secundaria<\/title>\n<meta name=\"robots\" content=\"index, follow, max-snippet:-1, max-image-preview:large, max-video-preview:-1\" \/>\n<link rel=\"canonical\" href=\"https:\/\/www.issa.edu.ar\/issawp\/la_institucion\/profes-secundaria\/\" \/>\n<meta property=\"og:locale\" content=\"es_ES\" \/>\n<meta property=\"og:type\" content=\"article\" \/>\n<meta property=\"og:title\" content=\"ISSA | Instituto Superior San Agust\u00edn | Profesorados en Educaci\u00f3n Secundaria\" \/>\n<meta property=\"og:description\" content=\"En el marco de la nueva estructura del sistema educativo, la Formaci\u00f3n Docente para el Ciclo Medio demanda propuestas did\u00e1cticas y curriculares innovadoras, que desde los objetivos y dise\u00f1os reflejen las nuevas instancias de ense\u00f1anza y aprendizaje que la escuela media necesita.\" \/>\n<meta property=\"og:url\" content=\"https:\/\/www.issa.edu.ar\/issawp\/la_institucion\/profes-secundaria\/\" \/>\n<meta property=\"og:site_name\" content=\"ISSA | Instituto Superior San Agust\u00edn\" \/>\n<meta property=\"article:publisher\" content=\"https:\/\/www.facebook.com\/faceissa\/\" \/>\n<meta property=\"article:published_time\" content=\"2020-01-22T17:12:06+00:00\" \/>\n<meta property=\"article:modified_time\" content=\"2020-10-30T21:10:28+00:00\" \/>\n<meta name=\"author\" content=\"issadmin\" \/>\n<meta name=\"twitter:card\" content=\"summary_large_image\" \/>\n<meta name=\"twitter:label1\" content=\"Escrito por\" \/>\n\t<meta name=\"twitter:data1\" content=\"issadmin\" \/>\n\t<meta name=\"twitter:label2\" content=\"Tiempo de lectura\" \/>\n\t<meta name=\"twitter:data2\" content=\"1 minuto\" \/>\n<script type=\"application\/ld+json\" class=\"yoast-schema-graph\">{\"@context\":\"https:\/\/schema.org\",\"@graph\":[{\"@type\":\"Article\",\"@id\":\"https:\/\/www.issa.edu.ar\/issawp\/la_institucion\/profes-secundaria\/#article\",\"isPartOf\":{\"@id\":\"https:\/\/www.issa.edu.ar\/issawp\/la_institucion\/profes-secundaria\/\"},\"author\":{\"name\":\"issadmin\",\"@id\":\"https:\/\/www.issa.edu.ar\/issawp\/#\/schema\/person\/d3aca9c1e7a3ddcfeed759ae71539ad8\"},\"headline\":\"Profesorados en Educaci\u00f3n Secundaria\",\"datePublished\":\"2020-01-22T17:12:06+00:00\",\"dateModified\":\"2020-10-30T21:10:28+00:00\",\"mainEntityOfPage\":{\"@id\":\"https:\/\/www.issa.edu.ar\/issawp\/la_institucion\/profes-secundaria\/\"},\"wordCount\":224,\"publisher\":{\"@id\":\"https:\/\/www.issa.edu.ar\/issawp\/#organization\"},\"articleSection\":[\"Acad\u00e9mica\",\"La Instituci\u00f3n\"],\"inLanguage\":\"es-AR\"},{\"@type\":\"WebPage\",\"@id\":\"https:\/\/www.issa.edu.ar\/issawp\/la_institucion\/profes-secundaria\/\",\"url\":\"https:\/\/www.issa.edu.ar\/issawp\/la_institucion\/profes-secundaria\/\",\"name\":\"ISSA | Instituto Superior San Agust\u00edn | Profesorados en Educaci\u00f3n Secundaria\",\"isPartOf\":{\"@id\":\"https:\/\/www.issa.edu.ar\/issawp\/#website\"},\"datePublished\":\"2020-01-22T17:12:06+00:00\",\"dateModified\":\"2020-10-30T21:10:28+00:00\",\"breadcrumb\":{\"@id\":\"https:\/\/www.issa.edu.ar\/issawp\/la_institucion\/profes-secundaria\/#breadcrumb\"},\"inLanguage\":\"es-AR\",\"potentialAction\":[{\"@type\":\"ReadAction\",\"target\":[\"https:\/\/www.issa.edu.ar\/issawp\/la_institucion\/profes-secundaria\/\"]}]},{\"@type\":\"BreadcrumbList\",\"@id\":\"https:\/\/www.issa.edu.ar\/issawp\/la_institucion\/profes-secundaria\/#breadcrumb\",\"itemListElement\":[{\"@type\":\"ListItem\",\"position\":1,\"name\":\"ISSA\",\"item\":\"https:\/\/www.issa.edu.ar\/issawp\/\"},{\"@type\":\"ListItem\",\"position\":2,\"name\":\"La Instituci\u00f3n\",\"item\":\"https:\/\/www.issa.edu.ar\/issawp\/la_institucion\/\"},{\"@type\":\"ListItem\",\"position\":3,\"name\":\"Acad\u00e9mica\",\"item\":\"https:\/\/www.issa.edu.ar\/issawp\/la_institucion\/academica\/\"},{\"@type\":\"ListItem\",\"position\":4,\"name\":\"Profesorados en Educaci\u00f3n Secundaria\"}]},{\"@type\":\"WebSite\",\"@id\":\"https:\/\/www.issa.edu.ar\/issawp\/#website\",\"url\":\"https:\/\/www.issa.edu.ar\/issawp\/\",\"name\":\"ISSA | Instituto Superior San Agust\u00edn\",\"description\":\"25 a\u00f1os en la formaci\u00f3n de docente de Educaci\u00f3n Secundaria. Innovadora metodolog\u00eda semiprescial intensivo, con clases presenciales y virtuales.\",\"publisher\":{\"@id\":\"https:\/\/www.issa.edu.ar\/issawp\/#organization\"},\"potentialAction\":[{\"@type\":\"SearchAction\",\"target\":{\"@type\":\"EntryPoint\",\"urlTemplate\":\"https:\/\/www.issa.edu.ar\/issawp\/?s={search_term_string}\"},\"query-input\":{\"@type\":\"PropertyValueSpecification\",\"valueRequired\":true,\"valueName\":\"search_term_string\"}}],\"inLanguage\":\"es-AR\"},{\"@type\":\"Organization\",\"@id\":\"https:\/\/www.issa.edu.ar\/issawp\/#organization\",\"name\":\"ISSA | Instituto Superior San Agust\u00edn\",\"url\":\"https:\/\/www.issa.edu.ar\/issawp\/\",\"logo\":{\"@type\":\"ImageObject\",\"inLanguage\":\"es-AR\",\"@id\":\"https:\/\/www.issa.edu.ar\/issawp\/#\/schema\/logo\/image\/\",\"url\":\"https:\/\/www.issa.edu.ar\/issawp\/wp-content\/uploads\/2020\/01\/logo_sm.png\",\"contentUrl\":\"https:\/\/www.issa.edu.ar\/issawp\/wp-content\/uploads\/2020\/01\/logo_sm.png\",\"width\":301,\"height\":131,\"caption\":\"ISSA | Instituto Superior San Agust\u00edn\"},\"image\":{\"@id\":\"https:\/\/www.issa.edu.ar\/issawp\/#\/schema\/logo\/image\/\"},\"sameAs\":[\"https:\/\/www.facebook.com\/faceissa\/\",\"https:\/\/www.instagram.com\/issa_funsan\/\",\"http:\/\/www.youtube.com\/@issacampus8885\"]},{\"@type\":\"Person\",\"@id\":\"https:\/\/www.issa.edu.ar\/issawp\/#\/schema\/person\/d3aca9c1e7a3ddcfeed759ae71539ad8\",\"name\":\"issadmin\"}]}<\/script>\n<!-- \/ Yoast SEO plugin. -->","yoast_head_json":{"title":"ISSA | Instituto Superior San Agust\u00edn | Profesorados en Educaci\u00f3n Secundaria","robots":{"index":"index","follow":"follow","max-snippet":"max-snippet:-1","max-image-preview":"max-image-preview:large","max-video-preview":"max-video-preview:-1"},"canonical":"https:\/\/www.issa.edu.ar\/issawp\/la_institucion\/profes-secundaria\/","og_locale":"es_ES","og_type":"article","og_title":"ISSA | Instituto Superior San Agust\u00edn | Profesorados en Educaci\u00f3n Secundaria","og_description":"En el marco de la nueva estructura del sistema educativo, la Formaci\u00f3n Docente para el Ciclo Medio demanda propuestas did\u00e1cticas y curriculares innovadoras, que desde los objetivos y dise\u00f1os reflejen las nuevas instancias de ense\u00f1anza y aprendizaje que la escuela media necesita.","og_url":"https:\/\/www.issa.edu.ar\/issawp\/la_institucion\/profes-secundaria\/","og_site_name":"ISSA | Instituto Superior San Agust\u00edn","article_publisher":"https:\/\/www.facebook.com\/faceissa\/","article_published_time":"2020-01-22T17:12:06+00:00","article_modified_time":"2020-10-30T21:10:28+00:00","author":"issadmin","twitter_card":"summary_large_image","twitter_misc":{"Escrito por":"issadmin","Tiempo de lectura":"1 minuto"},"schema":{"@context":"https:\/\/schema.org","@graph":[{"@type":"Article","@id":"https:\/\/www.issa.edu.ar\/issawp\/la_institucion\/profes-secundaria\/#article","isPartOf":{"@id":"https:\/\/www.issa.edu.ar\/issawp\/la_institucion\/profes-secundaria\/"},"author":{"name":"issadmin","@id":"https:\/\/www.issa.edu.ar\/issawp\/#\/schema\/person\/d3aca9c1e7a3ddcfeed759ae71539ad8"},"headline":"Profesorados en Educaci\u00f3n Secundaria","datePublished":"2020-01-22T17:12:06+00:00","dateModified":"2020-10-30T21:10:28+00:00","mainEntityOfPage":{"@id":"https:\/\/www.issa.edu.ar\/issawp\/la_institucion\/profes-secundaria\/"},"wordCount":224,"publisher":{"@id":"https:\/\/www.issa.edu.ar\/issawp\/#organization"},"articleSection":["Acad\u00e9mica","La Instituci\u00f3n"],"inLanguage":"es-AR"},{"@type":"WebPage","@id":"https:\/\/www.issa.edu.ar\/issawp\/la_institucion\/profes-secundaria\/","url":"https:\/\/www.issa.edu.ar\/issawp\/la_institucion\/profes-secundaria\/","name":"ISSA | Instituto Superior San Agust\u00edn | Profesorados en Educaci\u00f3n Secundaria","isPartOf":{"@id":"https:\/\/www.issa.edu.ar\/issawp\/#website"},"datePublished":"2020-01-22T17:12:06+00:00","dateModified":"2020-10-30T21:10:28+00:00","breadcrumb":{"@id":"https:\/\/www.issa.edu.ar\/issawp\/la_institucion\/profes-secundaria\/#breadcrumb"},"inLanguage":"es-AR","potentialAction":[{"@type":"ReadAction","target":["https:\/\/www.issa.edu.ar\/issawp\/la_institucion\/profes-secundaria\/"]}]},{"@type":"BreadcrumbList","@id":"https:\/\/www.issa.edu.ar\/issawp\/la_institucion\/profes-secundaria\/#breadcrumb","itemListElement":[{"@type":"ListItem","position":1,"name":"ISSA","item":"https:\/\/www.issa.edu.ar\/issawp\/"},{"@type":"ListItem","position":2,"name":"La Instituci\u00f3n","item":"https:\/\/www.issa.edu.ar\/issawp\/la_institucion\/"},{"@type":"ListItem","position":3,"name":"Acad\u00e9mica","item":"https:\/\/www.issa.edu.ar\/issawp\/la_institucion\/academica\/"},{"@type":"ListItem","position":4,"name":"Profesorados en Educaci\u00f3n Secundaria"}]},{"@type":"WebSite","@id":"https:\/\/www.issa.edu.ar\/issawp\/#website","url":"https:\/\/www.issa.edu.ar\/issawp\/","name":"ISSA | Instituto Superior San Agust\u00edn","description":"25 a\u00f1os en la formaci\u00f3n de docente de Educaci\u00f3n Secundaria. Innovadora metodolog\u00eda semiprescial intensivo, con clases presenciales y virtuales.","publisher":{"@id":"https:\/\/www.issa.edu.ar\/issawp\/#organization"},"potentialAction":[{"@type":"SearchAction","target":{"@type":"EntryPoint","urlTemplate":"https:\/\/www.issa.edu.ar\/issawp\/?s={search_term_string}"},"query-input":{"@type":"PropertyValueSpecification","valueRequired":true,"valueName":"search_term_string"}}],"inLanguage":"es-AR"},{"@type":"Organization","@id":"https:\/\/www.issa.edu.ar\/issawp\/#organization","name":"ISSA | Instituto Superior San Agust\u00edn","url":"https:\/\/www.issa.edu.ar\/issawp\/","logo":{"@type":"ImageObject","inLanguage":"es-AR","@id":"https:\/\/www.issa.edu.ar\/issawp\/#\/schema\/logo\/image\/","url":"https:\/\/www.issa.edu.ar\/issawp\/wp-content\/uploads\/2020\/01\/logo_sm.png","contentUrl":"https:\/\/www.issa.edu.ar\/issawp\/wp-content\/uploads\/2020\/01\/logo_sm.png","width":301,"height":131,"caption":"ISSA | Instituto Superior San Agust\u00edn"},"image":{"@id":"https:\/\/www.issa.edu.ar\/issawp\/#\/schema\/logo\/image\/"},"sameAs":["https:\/\/www.facebook.com\/faceissa\/","https:\/\/www.instagram.com\/issa_funsan\/","http:\/\/www.youtube.com\/@issacampus8885"]},{"@type":"Person","@id":"https:\/\/www.issa.edu.ar\/issawp\/#\/schema\/person\/d3aca9c1e7a3ddcfeed759ae71539ad8","name":"issadmin"}]}},"_links":{"self":[{"href":"https:\/\/www.issa.edu.ar\/issawp\/wp-json\/wp\/v2\/posts\/36"}],"collection":[{"href":"https:\/\/www.issa.edu.ar\/issawp\/wp-json\/wp\/v2\/posts"}],"about":[{"href":"https:\/\/www.issa.edu.ar\/issawp\/wp-json\/wp\/v2\/types\/post"}],"author":[{"embeddable":true,"href":"https:\/\/www.issa.edu.ar\/issawp\/wp-json\/wp\/v2\/users\/1"}],"replies":[{"embeddable":true,"href":"https:\/\/www.issa.edu.ar\/issawp\/wp-json\/wp\/v2\/comments?post=36"}],"version-history":[{"count":1,"href":"https:\/\/www.issa.edu.ar\/issawp\/wp-json\/wp\/v2\/posts\/36\/revisions"}],"predecessor-version":[{"id":105,"href":"https:\/\/www.issa.edu.ar\/issawp\/wp-json\/wp\/v2\/posts\/36\/revisions\/105"}],"wp:attachment":[{"href":"https:\/\/www.issa.edu.ar\/issawp\/wp-json\/wp\/v2\/media?parent=36"}],"wp:term":[{"taxonomy":"category","embeddable":true,"href":"https:\/\/www.issa.edu.ar\/issawp\/wp-json\/wp\/v2\/categories?post=36"},{"taxonomy":"post_tag","embeddable":true,"href":"https:\/\/www.issa.edu.ar\/issawp\/wp-json\/wp\/v2\/tags?post=36"}],"curies":[{"name":"wp","href":"https:\/\/api.w.org\/{rel}","templated":true}]}}